{"id":1152,"date":"2011-05-06T15:53:32","date_gmt":"2011-05-06T13:53:32","guid":{"rendered":"http:\/\/www.pallavolocorinaldo.it\/?p=1152"},"modified":"2011-05-06T15:53:32","modified_gmt":"2011-05-06T13:53:32","slug":"under-13-ci-siamo-anche-noi","status":"publish","type":"post","link":"http:\/\/www.pallavolocorinaldo.it\/?p=1152","title":{"rendered":"Under 13: Ci siamo anche noi!"},"content":{"rendered":"<p>Si. Ci sono anche loro. Le &#8216;terribili&#8217; ragazze dell&#8217;Under 13. La rivelazione di questa stagione. Si, proprio loro; loro che fino a questo momento sono rimaste dietro le quinte, in disparte e che, zitte zitte si sono guadagnate il palcoscenico pi\u00f9 prestigioso di questa rocambolesca stagione targata Avis Corinaldo.<\/p>\n<p>Mercoled\u00ec 11 maggio, a Fabriano l&#8217;under 13 affronter\u00e0 le semifinali di categoria, per poi giocarsi, comunque vada\u00a0una finale (mercoled\u00ec verr\u00e0 stabilit\u00e0 se la finale sar\u00e0 dal 1\u00b0 al 4\u00b0 posto o dal 5\u00b0 al 9\u00b0, ma comunque di finale si parler\u00e0). E allora sorrisi e applausi per queste giovanissime guidate da Tarsi e Mallucci, autrici di un finale di stagione a sorpresa, mai cos\u00ec gustata e sentita.<\/p>\n<p>Prosegue quindi il proficuo lavoro dell&#8217;Avis Corinaldo nel settore giovanile, capace di sfornare squadre in grado di andarsela a giocare alla pari con societ\u00e0 e formazioni ben pi\u00f9 blasonate e ogni tanto (spesso, in questi ultimi anni) vincere; pescando in un recente passato, una volta era l&#8217; attuale under 16 (ma lo \u00e8 ancora, in quanto prima nel proprio girone di Terza Categoria e prossima alla promozione), ora sono queste piccole &#8216;pesti&#8217; che, grazie a Tarsi hanno saputo costruire un gruppo affiatato, divertendosi sempre e comunque, in ogni luogo e in qualsiasi momento.<\/p>\n<p>Mercoledi a Fabriano<\/p>\n<p>ore 17:30 Fabriano Blu- ASD Pallavolo Avis Corinaldo<\/p>\n<p>ore 18:30 ASD Pallavolo Avis Corinaldo- Castelfidardo M<\/p>\n","protected":false},"excerpt":{"rendered":"<p>Si. Ci sono anche loro. Le &#8216;terribili&#8217; ragazze dell&#8217;Under 13. La rivelazione di questa stagione. Si, proprio loro; loro che fino a questo momento sono rimaste dietro le quinte, in disparte e che, zitte zitte si sono guadagnate il palcoscenico pi\u00f9 prestigioso di questa rocambolesca stagione targata Avis Corinaldo. Mercoled\u00ec 11 maggio, a Fabriano l&#8217;under [&hellip;]<\/p>\n","protected":false},"author":3,"featured_media":0,"comment_status":"open","ping_status":"open","sticky":false,"template":"","format":"standard","meta":{"ngg_post_thumbnail":0},"categories":[1],"tags":[],"_links":{"self":[{"href":"http:\/\/www.pallavolocorinaldo.it\/index.php?rest_route=\/wp\/v2\/posts\/1152"}],"collection":[{"href":"http:\/\/www.pallavolocorinaldo.it\/index.php?rest_route=\/wp\/v2\/posts"}],"about":[{"href":"http:\/\/www.pallavolocorinaldo.it\/index.php?rest_route=\/wp\/v2\/types\/post"}],"author":[{"embeddable":true,"href":"http:\/\/www.pallavolocorinaldo.it\/index.php?rest_route=\/wp\/v2\/users\/3"}],"replies":[{"embeddable":true,"href":"http:\/\/www.pallavolocorinaldo.it\/index.php?rest_route=%2Fwp%2Fv2%2Fcomments&post=1152"}],"version-history":[{"count":8,"href":"http:\/\/www.pallavolocorinaldo.it\/index.php?rest_route=\/wp\/v2\/posts\/1152\/revisions"}],"predecessor-version":[{"id":1160,"href":"http:\/\/www.pallavolocorinaldo.it\/index.php?rest_route=\/wp\/v2\/posts\/1152\/revisions\/1160"}],"wp:attachment":[{"href":"http:\/\/www.pallavolocorinaldo.it\/index.php?rest_route=%2Fwp%2Fv2%2Fmedia&parent=1152"}],"wp:term":[{"taxonomy":"category","embeddable":true,"href":"http:\/\/www.pallavolocorinaldo.it\/index.php?rest_route=%2Fwp%2Fv2%2Fcategories&post=1152"},{"taxonomy":"post_tag","embeddable":true,"href":"http:\/\/www.pallavolocorinaldo.it\/index.php?rest_route=%2Fwp%2Fv2%2Ftags&post=1152"}],"curies":[{"name":"wp","href":"https:\/\/api.w.org\/{rel}","templated":true}]}}