{"id":1596,"date":"2012-03-16T16:02:06","date_gmt":"2012-03-16T14:02:06","guid":{"rendered":"http:\/\/www.pallavolocorinaldo.it\/?p=1596"},"modified":"2012-03-16T16:02:52","modified_gmt":"2012-03-16T14:02:52","slug":"asd-pallavolo-avis-corinaldo-under-16-e-semifinale-provinciale","status":"publish","type":"post","link":"http:\/\/www.pallavolocorinaldo.it\/?p=1596","title":{"rendered":"ASD Pallavolo Avis Corinaldo Under 16: \u00e8 semifinale provinciale!"},"content":{"rendered":"<p style=\"margin-bottom: 0cm;\" align=\"center\">\u00a0<\/p>\n<p style=\"margin-bottom: 0cm; text-align: left;\">La forza di oggi sono i sacrifici fatti ieri. La sfida contro i propri limiti, il senso d&#8217;appartenenza a una maglia, la determinazione, la costanza e la coerenza, il vero gioco di squadra sono stati gli elementi che hanno portato l&#8217;Avis Corinaldo di coach Gianni Tarsi tra le prime quattro della Provincia, con un pass diretto alle fasi Regionali.<\/p>\n<p style=\"margin-bottom: 0cm;\" align=\"left\">Una grande prova di coraggio e tenacia quella delle corinaldesi. Al di l\u00e0 dalla rete sempre l&#8217;Edilcost Conero Volley Ancona, vogliosa di riscatto, piena di speranze.<\/p>\n<p style=\"font-weight: normal; margin-bottom: 0cm;\" align=\"left\">Dopo l&#8217;ottima prova all&#8217;andata tra le mura casalinghe (3-0), l&#8217;Avis Corinaldo, nella gara di ritorno, quella che avrebbe deciso il futuro di entrambe le compagini, aveva una sola missione da compiere: vincere un set. Cos\u00ec \u00e8 stato.E quando, nel primo set \u00e8 stato messo a terra il venticinquesimo punto il tempo si \u00e8 fermato, il fiato sospeso, il sogno avverato. Un indescrivibile tripudio di gioia. Poco importa se poi il tabellino ha sancito la sconfitta (immeritata) corinaldese per 3-2. La vittoria di quel set ha ripagato i tanti sacrifici di una squadra ai vertici da tanto tempo, regalandole un nuovo sorriso, dal sapore diverso dal solito.<\/p>\n<p style=\"margin-bottom: 0cm;\" align=\"left\">\u00a0<\/p>\n<p style=\"font-weight: normal; margin-bottom: 0cm;\" align=\"left\">Dopo quindici anni coach Tarsi, artefice oggi come allora, torna con una sua squadra d&#8217; Under 16 tra le prime quattro della Provincia. Era la lontana stagione 1997\/98, annata in cui l&#8217;Under 16 di allora approd\u00f2, per la prima volta nella storia della societ\u00e0, nell&#8217;olimpo della pallavolo giovanile provinciale. L&#8217;avversaria sempre quell&#8217;Ancona tanto ostica. L&#8217;andata, ieri come oggi decise da subito chi si sarebbe candidata a regina della Provincia. Un 3-0 casalingo rest\u00f2 in cassaforte per una settimana, risultato rimirato e custodito come la pi\u00f9 preziosa delle vittorie. Ieri come oggi bast\u00f2 un set per far esplodere d&#8217;orgoglio un&#8217;intera societ\u00e0.<\/p>\n<p style=\"font-weight: normal; margin-bottom: 0cm;\" align=\"left\"><strong>Edilcost Conero Volley Ancona- ASD Pallavolo Avis Corinaldo: 3-2 <\/strong><\/p>\n<p style=\"margin-bottom: 0cm;\" align=\"left\"><strong>(20-25\/25-17\/23-25\/25-23\/19-17)<\/strong><\/p>\n<p style=\"margin-bottom: 0cm;\" align=\"left\">\u00a0<\/p>\n","protected":false},"excerpt":{"rendered":"<p>\u00a0 La forza di oggi sono i sacrifici fatti ieri. La sfida contro i propri limiti, il senso d&#8217;appartenenza a una maglia, la determinazione, la costanza e la coerenza, il vero gioco di squadra sono stati gli elementi che hanno portato l&#8217;Avis Corinaldo di coach Gianni Tarsi tra le prime quattro della Provincia, con un [&hellip;]<\/p>\n","protected":false},"author":3,"featured_media":0,"comment_status":"open","ping_status":"open","sticky":false,"template":"","format":"standard","meta":{"ngg_post_thumbnail":0},"categories":[1],"tags":[],"_links":{"self":[{"href":"http:\/\/www.pallavolocorinaldo.it\/index.php?rest_route=\/wp\/v2\/posts\/1596"}],"collection":[{"href":"http:\/\/www.pallavolocorinaldo.it\/index.php?rest_route=\/wp\/v2\/posts"}],"about":[{"href":"http:\/\/www.pallavolocorinaldo.it\/index.php?rest_route=\/wp\/v2\/types\/post"}],"author":[{"embeddable":true,"href":"http:\/\/www.pallavolocorinaldo.it\/index.php?rest_route=\/wp\/v2\/users\/3"}],"replies":[{"embeddable":true,"href":"http:\/\/www.pallavolocorinaldo.it\/index.php?rest_route=%2Fwp%2Fv2%2Fcomments&post=1596"}],"version-history":[{"count":4,"href":"http:\/\/www.pallavolocorinaldo.it\/index.php?rest_route=\/wp\/v2\/posts\/1596\/revisions"}],"predecessor-version":[{"id":1600,"href":"http:\/\/www.pallavolocorinaldo.it\/index.php?rest_route=\/wp\/v2\/posts\/1596\/revisions\/1600"}],"wp:attachment":[{"href":"http:\/\/www.pallavolocorinaldo.it\/index.php?rest_route=%2Fwp%2Fv2%2Fmedia&parent=1596"}],"wp:term":[{"taxonomy":"category","embeddable":true,"href":"http:\/\/www.pallavolocorinaldo.it\/index.php?rest_route=%2Fwp%2Fv2%2Fcategories&post=1596"},{"taxonomy":"post_tag","embeddable":true,"href":"http:\/\/www.pallavolocorinaldo.it\/index.php?rest_route=%2Fwp%2Fv2%2Ftags&post=1596"}],"curies":[{"name":"wp","href":"https:\/\/api.w.org\/{rel}","templated":true}]}}