{"id":23,"date":"2009-09-29T17:31:47","date_gmt":"2009-09-29T15:31:47","guid":{"rendered":"http:\/\/localhost:8888\/pallavolocorinaldo\/?p=23"},"modified":"2009-10-21T16:32:25","modified_gmt":"2009-10-21T14:32:25","slug":"kjfhakj","status":"publish","type":"post","link":"http:\/\/www.pallavolocorinaldo.it\/?p=23","title":{"rendered":"Presentazione ASD AVIS Pallavolo Corinaldo"},"content":{"rendered":"<p>Dicembre 2008 \u00e8 stato un mese di cambiamenti. E&#8217; stato l&#8217;inizio di una nuova era, di una seconda vita per l&#8217; A.S.D. Avis Pallavolo Corinaldo. Avvenne l&#8217;elezione del nuovo presidente della societ\u00e0 e il rinnovo delle cariche dei consiglieri.<\/p>\n<p>Il presidente uscente Giuseppe Mazzarini nel suo discorso di fine mandato volle ricordare i cambiamenti compiutesi negli anni a seguire; cambiamenti che avevano coinvolto persone e modi di pensare soprattutto la grande passione messa da ogni singolo nel proseguire il cammino della societ\u00e0 nell&#8217;arco del tempo,<!--more--> mantenendo la stessa filosofia: sport come divertimento, sport per crescere insieme. Tutto questo accadeva circa un anno fa. Ora le cose sono cambiate: nuovi equilibri e nuovi stimoli  sostenuti da tanta forza di volont\u00e0 per cercare di portare sempre pi\u00f9 in alto il nome della societ\u00e0. Dal primo gennaio \u00e8 quindi subentrato il nuovo presidente, Gianluca Giuliani affiancato da dieci consiglieri: Antonella Pettinelli (vice presidente),Patrizio Buratti, Marco Della Santa, Vinicio Franceschetti, Alice Mazzarini, Manuel Pettinari, Stefania Pierantonietti, Riccardo Piermattei, Marco Rossetti, Francesco Tarsi.<\/p>\n<p>La stagione 2009-2010 che andr\u00e0 ad iniziare sar\u00e0 una stagione particolare: l&#8217; A.S.D. Avis Pallavolo Corinaldo compir\u00e0 25 anni. Sembra ieri che da un gruppo sportivo scolastico nacque la pallavolo Corinaldo. E dall&#8217;incontro con l&#8217;attuale presidente dell&#8217;Avis Vinicio Franceschetti, nel lontano 1985 , \u201c pallavolo\u201d e \u201c donatori\u201d divennero un binomio indissolubile.<\/p>\n<p>Da quell&#8217;anno, con un grande lavoro sia a livello femminile sia a livello maschile, l&#8217;Avis Pallavolo non si \u00e8 pi\u00f9 fermata, mietendo successi a destra e a manca.<\/p>\n<p>Per citarne alcuni: nella stagione 1988\/89, quando il settore femminile era pi\u00f9 florido e competitivo, la squadra allenata da Tarsi fu promossa in serie D rimanendoci quattro anni.<\/p>\n<p>Nel 1991\/92 per la prima volta a Corinaldo venne creata una squadra seniores maschile.<\/p>\n<p>Nel campionato 1997\/ 98 la prima divisione femminile ottenne la promozione in serie D con ventuno vittorie consecutive e con sei giornate di anticipo; nello stesso anno le ragazze dell&#8217;under 16 sfiorarono il capolavoro: si piazzarono terze nel campionato provinciale anche se poi perdettero  la semifinale regionale. E poi tornei di mini-volley in giro per l&#8217;Italia con il piazzamento di due squadre, una femminile e una maschile, al primo posto al torneo nazionale di Sant&#8217; Omero. Quella stagione consacr\u00f2 il settore giovanile, tutt&#8217;ora punto di forza della societ\u00e0. Sono stati anni di crescita per tutti, per il movimento, per un giovane allenatore, per i giovani che si affacciavano per la prima volta a questo sport, per la societ\u00e0. Anni di speranze e sacrifici, di rimpianti e di rimorsi. Ma tutto ci\u00f2 ha permesso alla pallavolo Corinaldo di diventare ci\u00f2 che \u00e8.<\/p>\n<p>Da qualche anno \u00e8 sulla cresta dell&#8217;onda per gli ottimi risultati ottenuti a livello di under 13 femminile; le giovanissime, oltre ad aver vinto svariati tornei (da Lignano Sabbiadoro(2008) al torneo di Pasqua \u201cMarco Vive\u201d (2009) hanno scalato la vetta arrivando prime a livello provinciale e per un soffio non hanno bissato la vittoria a livello regionale. Tutto questo grazie ad un clima sereno e di reciproca collaborazione.<\/p>\n<p>La stagione agonistica 2009\/2010 che sta per partire vedr\u00e0 l&#8217;AVIS Corinaldo impegnata su pi\u00f9 fronti: campionati provinciali per la seconda divisione femminile, l&#8217;under 18, l&#8217;under 16 e  l&#8217;under 13 misto (maschi e femmine). Campionati regionali per l&#8217;under 14 \u201cA\u201d e l&#8217;under 14 \u201cB\u201d pi\u00f9 tre tornei provinciali per l&#8217;under 16 \u201cA\u201d, l&#8217;under 16 \u201cB\u201d e l&#8217;under 12.<\/p>\n<p>A parte una sono tutte squadre tinte di rosa.<\/p>\n<p>Debutto casalingo vincente, venerd\u00ec scorso dell&#8217;under 16 guidata da Gianni Tarsi che riesce ad imporsi sull&#8217;ASD Senigallia per 3-1 (25-18\/25-15\/21-25\/25-23).<\/p>\n<p>Altro debutto col botto per l&#8217;under 14 \u201cA\u201d, composto dalle stesse giocatrici dell&#8217;under 16.<\/p>\n<p>Davanti al pubblico di casa prima si afferma sulla Pieralisi B.M. Devetag per 2-0 (25-3\/25-10) poi sull&#8217;ASD Volley 3 Belvedere con un altro 2-0 (25-16\/25-6).<\/p>\n<p>In contemporanea, a Lucrezia hanno giocato le ragazze dell&#8217;under 14 \u201cB\u201d di Guido Mallucci che, nella prima sfida hanno ceduto all&#8217;Adriatica Volley Fano per 2-0 poi per\u00f2 si sono riscattate con l&#8217;ASD Lucrezia vincendo per 1-2.<\/p>\n","protected":false},"excerpt":{"rendered":"<p>Dicembre 2008 \u00e8 stato un mese di cambiamenti. E&#8217; stato l&#8217;inizio di una nuova era, di una seconda vita per l&#8217; A.S.D. Avis Pallavolo Corinaldo. Avvenne l&#8217;elezione del nuovo presidente della societ\u00e0 e il rinnovo delle cariche dei consiglieri. Il presidente uscente Giuseppe Mazzarini nel suo discorso di fine mandato volle ricordare i cambiamenti compiutesi [&hellip;]<\/p>\n","protected":false},"author":1,"featured_media":0,"comment_status":"open","ping_status":"open","sticky":false,"template":"","format":"standard","meta":{"ngg_post_thumbnail":0},"categories":[1],"tags":[],"_links":{"self":[{"href":"http:\/\/www.pallavolocorinaldo.it\/index.php?rest_route=\/wp\/v2\/posts\/23"}],"collection":[{"href":"http:\/\/www.pallavolocorinaldo.it\/index.php?rest_route=\/wp\/v2\/posts"}],"about":[{"href":"http:\/\/www.pallavolocorinaldo.it\/index.php?rest_route=\/wp\/v2\/types\/post"}],"author":[{"embeddable":true,"href":"http:\/\/www.pallavolocorinaldo.it\/index.php?rest_route=\/wp\/v2\/users\/1"}],"replies":[{"embeddable":true,"href":"http:\/\/www.pallavolocorinaldo.it\/index.php?rest_route=%2Fwp%2Fv2%2Fcomments&post=23"}],"version-history":[{"count":7,"href":"http:\/\/www.pallavolocorinaldo.it\/index.php?rest_route=\/wp\/v2\/posts\/23\/revisions"}],"predecessor-version":[{"id":208,"href":"http:\/\/www.pallavolocorinaldo.it\/index.php?rest_route=\/wp\/v2\/posts\/23\/revisions\/208"}],"wp:attachment":[{"href":"http:\/\/www.pallavolocorinaldo.it\/index.php?rest_route=%2Fwp%2Fv2%2Fmedia&parent=23"}],"wp:term":[{"taxonomy":"category","embeddable":true,"href":"http:\/\/www.pallavolocorinaldo.it\/index.php?rest_route=%2Fwp%2Fv2%2Fcategories&post=23"},{"taxonomy":"post_tag","embeddable":true,"href":"http:\/\/www.pallavolocorinaldo.it\/index.php?rest_route=%2Fwp%2Fv2%2Ftags&post=23"}],"curies":[{"name":"wp","href":"https:\/\/api.w.org\/{rel}","templated":true}]}}