{"id":2812,"date":"2013-10-24T10:18:26","date_gmt":"2013-10-24T08:18:26","guid":{"rendered":"http:\/\/www.pallavolocorinaldo.it\/?p=2812"},"modified":"2013-10-24T11:28:41","modified_gmt":"2013-10-24T09:28:41","slug":"il-senso-di-appartenenza","status":"publish","type":"post","link":"http:\/\/www.pallavolocorinaldo.it\/?p=2812","title":{"rendered":"Il senso di appartenenza"},"content":{"rendered":"<p style=\"text-align: justify;\">Quest\u2019anno mi sono prefisso un obiettivo. Mi \u00e8 venuto in mente a fine stagione scorsa, quando, nelle partite dei playoff promozione, una splendida cornice di pubblico ha sostenuto la squadra e si \u00e8 messa al nostro fianco, facendoci sentire importanti.<\/p>\n<p><a href=\"\/wp-content\/uploads\/2013\/10\/Semifinale-2-Categoria-_21.jpg\"><img decoding=\"async\" loading=\"lazy\" src=\"\/wp-content\/uploads\/2013\/10\/Semifinale-2-Categoria-_21-300x63.jpg\" alt=\"\" width=\"300\" height=\"63\" class=\"aligncenter size-medium wp-image-2815\" style=\"width: 400px;\"><\/a><\/p>\n<p style=\"text-align: justify;\">Il mio obiettivo \u00e8 quello di vedere il palazzetto sempre pieno, non solo di parenti ed amici delle ragazze impegnate nel match in corso, ma anche di tutte le ragazze tesserate in questa bella societ\u00e0 sportiva.<\/p>\n<p><a href=\"\/wp-content\/uploads\/2009\/10\/tutti.jpg\"><img decoding=\"async\" loading=\"lazy\" src=\"\/wp-content\/uploads\/2009\/10\/tutti-300x225.jpg\" alt=\"\" width=\"300\" height=\"225\" class=\"aligncenter size-medium wp-image-1805\" style=\"width: 400px;\" srcset=\"http:\/\/www.pallavolocorinaldo.it\/wp-content\/uploads\/2009\/10\/tutti-300x225.jpg 300w, http:\/\/www.pallavolocorinaldo.it\/wp-content\/uploads\/2009\/10\/tutti.jpg 720w\" sizes=\"(max-width: 300px) 100vw, 300px\" \/><\/a><\/p>\n<p style=\"text-align: justify;\">Mi piacerebbe che ogni ragazza provasse il desiderio di venire a sostenere le compagne di squadra pi\u00f9 grandi, ad incitare il gruppo che sta cercando di riportare pi\u00f9 in alto il nome dell\u2019 <strong class=\"cms-bold\">AVIS Corinaldo<\/strong> meritevole, a mio modo di vedere, di altri palcoscenici. Ogni ragazza dovrebbe sviluppare in s\u00e9 il <strong class=\"cms-bold\">Senso di Appartenenza a questa societ\u00e0<\/strong>, che si impegna quotidianamente, con tutti i suoi dirigenti, allenatori ed addetti ai lavori ad insegnare, oltre agli aspetti tecnici, anche i valori dello sport.&nbsp;<\/p>\n<p style=\"text-align: justify;\">Il Senso di Appartenenza \u00e8 un valore che dovrebbero avere tutti i membri della societ\u00e0; \u00e8 esattamente lo stesso che ognuno ha dentro di s\u00e9 nei riguardi della citt\u00e0 in cui vive e nel nostro caso dovrebbe essere anche pi\u00f9 semplice possederlo, visto che praticamente tutti gli iscritti&nbsp;<span style=\"background-color: transparent;\">(tranne ad esempio il sottoscritto, immigrato senegalese)<\/span><span style=\"background-color: transparent;\">, circa 120, abitano in questa citt\u00e0 o nei paesi limitrofi. E&#8217; il sentirsi parte integrante di un gruppo, \u00e8 il voler partecipare agli eventi, \u00e8 il voler dare il proprio contributo alla causa, in qualsiasi modo. &nbsp;<\/span><\/p>\n<p style=\"text-align: justify;\"><span style=\"background-color: transparent;\">Perci\u00f2 ogni ragazza che si avvicina a questo sport e che entra a far parte di questa societ\u00e0 dovrebbe avere come sogno quello di arrivare in prima squadra e difendere i colori della propria citt\u00e0, circondato dagli amici, pronti a sostenerla nelle varie sfide che la vedranno protagonista.&nbsp;<\/span><\/p>\n<p style=\"text-align: justify;\">Siamo un\u2019unica grande squadra, dai piccoli del minivolley alla presidentessa, un folto gruppo unito con lo stesso obiettivo: divertirsi e divertire chi ci viene a vedere. Ci impegneremo per far si che chiunque voglia venire a passare una serata in nostra compagnia, torni a casa soddisfatto. Vi aspettiamo!&nbsp;<\/p>\n<p style=\"text-align: right;\">Mikoach<\/p>\n","protected":false},"excerpt":{"rendered":"<p>Quest\u2019anno mi sono prefisso un obiettivo. Mi \u00e8 venuto in mente a fine stagione scorsa, quando, nelle partite dei playoff promozione, una splendida cornice di pubblico ha sostenuto la squadra e si \u00e8 messa al nostro fianco, facendoci sentire importanti. Il mio obiettivo \u00e8 quello di vedere il palazzetto sempre pieno, non solo di parenti [&hellip;]<\/p>\n","protected":false},"author":3,"featured_media":0,"comment_status":"open","ping_status":"open","sticky":false,"template":"","format":"standard","meta":{"ngg_post_thumbnail":0},"categories":[1],"tags":[],"_links":{"self":[{"href":"http:\/\/www.pallavolocorinaldo.it\/index.php?rest_route=\/wp\/v2\/posts\/2812"}],"collection":[{"href":"http:\/\/www.pallavolocorinaldo.it\/index.php?rest_route=\/wp\/v2\/posts"}],"about":[{"href":"http:\/\/www.pallavolocorinaldo.it\/index.php?rest_route=\/wp\/v2\/types\/post"}],"author":[{"embeddable":true,"href":"http:\/\/www.pallavolocorinaldo.it\/index.php?rest_route=\/wp\/v2\/users\/3"}],"replies":[{"embeddable":true,"href":"http:\/\/www.pallavolocorinaldo.it\/index.php?rest_route=%2Fwp%2Fv2%2Fcomments&post=2812"}],"version-history":[{"count":10,"href":"http:\/\/www.pallavolocorinaldo.it\/index.php?rest_route=\/wp\/v2\/posts\/2812\/revisions"}],"predecessor-version":[{"id":2825,"href":"http:\/\/www.pallavolocorinaldo.it\/index.php?rest_route=\/wp\/v2\/posts\/2812\/revisions\/2825"}],"wp:attachment":[{"href":"http:\/\/www.pallavolocorinaldo.it\/index.php?rest_route=%2Fwp%2Fv2%2Fmedia&parent=2812"}],"wp:term":[{"taxonomy":"category","embeddable":true,"href":"http:\/\/www.pallavolocorinaldo.it\/index.php?rest_route=%2Fwp%2Fv2%2Fcategories&post=2812"},{"taxonomy":"post_tag","embeddable":true,"href":"http:\/\/www.pallavolocorinaldo.it\/index.php?rest_route=%2Fwp%2Fv2%2Ftags&post=2812"}],"curies":[{"name":"wp","href":"https:\/\/api.w.org\/{rel}","templated":true}]}}