{"id":3,"date":"2009-09-29T16:40:49","date_gmt":"2009-09-29T14:40:49","guid":{"rendered":"http:\/\/localhost:8888\/pallavolocorinaldo\/?p=3"},"modified":"2009-10-21T16:03:03","modified_gmt":"2009-10-21T14:03:03","slug":"ciao","status":"publish","type":"post","link":"http:\/\/www.pallavolocorinaldo.it\/?p=3","title":{"rendered":"Festa AVIS 10-11 ottobre 2009"},"content":{"rendered":"<p>La Festa del Volontariato in un certo senso ha sancito l&#8217;inizio della stagione agonistica della societ\u00e0 A.S.D. Pallavolo Avis Corinaldo. L&#8217;Avis \u00e8 infatti lo sponsor storico della societ\u00e0 e da anni ne segue il cammino e da anni manda in campo il proprio messaggio di solidariet\u00e0 e volontariato. Una realt\u00e0 che ha sempre creduto in questo sport; in particolare Vinicio Franceschetti, rappresentante di tutti i donatori Avis e dell&#8217;Avis stessa che ha sempre sostenuto economicamente e non il movimento.<!--more--><\/p>\n<p>Nei due giorni di festa, il 10 e l&#8217;11 ottobre, la societ\u00e0 ha organizzato il debutto di tutte le sue giocatrici: il sabato con un&#8217;amichevole che ha visto affrontarsi under 16 contro under 18 vinta dalle seconde mentre la domenica il palazzetto \u00e8 stato lo scenario di un torneo di minivolley tra le squadre di casa, con piccoli atleti dai 6 ai 10 anni.<\/p>\n<p>La festa \u00e8 stata un momento d&#8217;incontro oltre che tra le varie associazioni di volontariato di Corinaldo anche tra i vari sport locali e tra questi la pallavolo che, nel 2010 compir\u00e0 25 anni. Un quarto di secolo sempre accompagnata dall&#8217;energia dei bambini, dei ragazzi e dei genitori. Supportata da un grande lavoro di squadra che in questi anni ha permesso di andare avanti e di non demordere davanti alle difficolt\u00e0.<\/p>\n<p>L&#8217;AVIS e la A.S.D. Pallavolo Avis Corinaldo, ormai coppia collaudata e indissolubile, inizier\u00e0 la nuova stagione con la consapevolezza di essere riuscita a raggiungere in pi\u00f9 di un ventennio grandi traguardi non solo sportivi ma, soprattutto, umani.<\/p>\n","protected":false},"excerpt":{"rendered":"<p>La Festa del Volontariato in un certo senso ha sancito l&#8217;inizio della stagione agonistica della societ\u00e0 A.S.D. Pallavolo Avis Corinaldo. L&#8217;Avis \u00e8 infatti lo sponsor storico della societ\u00e0 e da anni ne segue il cammino e da anni manda in campo il proprio messaggio di solidariet\u00e0 e volontariato. Una realt\u00e0 che ha sempre creduto in [&hellip;]<\/p>\n","protected":false},"author":1,"featured_media":0,"comment_status":"open","ping_status":"open","sticky":false,"template":"","format":"standard","meta":{"ngg_post_thumbnail":0},"categories":[1],"tags":[],"_links":{"self":[{"href":"http:\/\/www.pallavolocorinaldo.it\/index.php?rest_route=\/wp\/v2\/posts\/3"}],"collection":[{"href":"http:\/\/www.pallavolocorinaldo.it\/index.php?rest_route=\/wp\/v2\/posts"}],"about":[{"href":"http:\/\/www.pallavolocorinaldo.it\/index.php?rest_route=\/wp\/v2\/types\/post"}],"author":[{"embeddable":true,"href":"http:\/\/www.pallavolocorinaldo.it\/index.php?rest_route=\/wp\/v2\/users\/1"}],"replies":[{"embeddable":true,"href":"http:\/\/www.pallavolocorinaldo.it\/index.php?rest_route=%2Fwp%2Fv2%2Fcomments&post=3"}],"version-history":[{"count":5,"href":"http:\/\/www.pallavolocorinaldo.it\/index.php?rest_route=\/wp\/v2\/posts\/3\/revisions"}],"predecessor-version":[{"id":202,"href":"http:\/\/www.pallavolocorinaldo.it\/index.php?rest_route=\/wp\/v2\/posts\/3\/revisions\/202"}],"wp:attachment":[{"href":"http:\/\/www.pallavolocorinaldo.it\/index.php?rest_route=%2Fwp%2Fv2%2Fmedia&parent=3"}],"wp:term":[{"taxonomy":"category","embeddable":true,"href":"http:\/\/www.pallavolocorinaldo.it\/index.php?rest_route=%2Fwp%2Fv2%2Fcategories&post=3"},{"taxonomy":"post_tag","embeddable":true,"href":"http:\/\/www.pallavolocorinaldo.it\/index.php?rest_route=%2Fwp%2Fv2%2Ftags&post=3"}],"curies":[{"name":"wp","href":"https:\/\/api.w.org\/{rel}","templated":true}]}}