{"id":3674,"date":"2017-05-02T21:32:48","date_gmt":"2017-05-02T19:32:48","guid":{"rendered":"http:\/\/www.pallavolocorinaldo.it\/?p=3674"},"modified":"2017-05-02T21:43:49","modified_gmt":"2017-05-02T19:43:49","slug":"giornate-di-vittorie-per-lavis-pallavolo-corinaldo","status":"publish","type":"post","link":"http:\/\/www.pallavolocorinaldo.it\/?p=3674","title":{"rendered":"Giornate di Vittorie per l&#8217;Avis Pallavolo Corinaldo"},"content":{"rendered":"<p>Buona sera a tutti i nostri lettori , ed eccoci nuovamente per commentare un altro lungo week-end di belle partite .<br \/>\n<strong class=\"cms-bold\">Oggi abbiamo solamente notizie positive : entrambe le nostre rappresentanti coinvolte nei rispettivi gironi  ( 2\u2032 Divisione e 3\u2032 Divisione \u201cVecchie Glorie\u201d) ..hanno vinto\u2026ma come sempre..andiamo per ordine .<\/strong><br \/>\nSettimana \u201clunga\u201d e faticosa per la nostra Terza divisione , che ben salda al comando in classifica , gioved\u00ec 27, per il turno infrasettimanale ,  alle 21.00 presso il palazzetto di Campo Boario a Senigallia , ha incontrato la compagine del Us Pallavolo Senigallia Verde .<br \/>\n<strong class=\"cms-bold\">Partit\u00e0 molto pi\u00f9 facile di quanto si poteva pensare , poich\u00e8 le nostre ragazze della Terza Cat. &nbsp;si sono sbarazzate in men che non si dica delle avversarie , con un netto tre- zero e con un parziale che la dice lunga su come \u00e8 andata la partita 25-9 , 25-17 , 25-1<\/strong>6 .<br \/>\n<strong class=\"cms-bold\">Bene \u2026ma non finisce qui , poich\u00e8 , non paghe di quanto fatto , le nostre tigrotte , &nbsp;domenica 30 aprile  , presso il palazzetto di Corinaldo . hanno incontrato il Tris Volley Red , di Polverigi .<br \/>\nAnche questa volta , come un rullo compressore , la nostra rappresentanza Avis Pallavolo , ha \u201casfaltato\u201d le avversarie , vincendo nuovamente per tre \u2013 zero .<\/strong><br \/>\nUnica nota negativa , a pochi minuti dalla fine del match ,  l\u2019infortunio alla caviglia dell\u2019atleta Elis Saccinto ;  brutta storta dalle prime informazioni avute , ma speriamo tutti che si possa riprendere in fretta e che gi\u00e0 possa tornare a giocare nel prossimo match .<br \/>\n<strong class=\"cms-bold\">L\u2019Avis Corinaldo , continua a mantenere la testa della Classifica<\/strong> e , mancando solo 2 giornate alla fine del campionato , non possiamo che augurarci che si possa continuare cos\u00ec..brave tutte <a href=\"\/wp-content\/uploads\/2017\/01\/IMG-20161215-WA0008.jpg\"><img decoding=\"async\" loading=\"lazy\" src=\"\/wp-content\/uploads\/2017\/01\/IMG-20161215-WA0008-300x225.jpg\" alt=\"IMG-20161215-WA0008\" width=\"300\" height=\"225\" class=\"alignnone size-medium wp-image-3536\" srcset=\"http:\/\/www.pallavolocorinaldo.it\/wp-content\/uploads\/2017\/01\/IMG-20161215-WA0008-300x225.jpg 300w, http:\/\/www.pallavolocorinaldo.it\/wp-content\/uploads\/2017\/01\/IMG-20161215-WA0008-1024x768.jpg 1024w, http:\/\/www.pallavolocorinaldo.it\/wp-content\/uploads\/2017\/01\/IMG-20161215-WA0008.jpg 1600w\" sizes=\"(max-width: 300px) 100vw, 300px\" \/><\/a><br \/>\nProseguiamo ora raccontando dell\u2019incontro avvenuto Sabato pomeriggio alle 19,00 , presso il palazzetto di Corinaldo ,ove per l\u2019ultima partita della 2\u2032 Divisione Girone B si sono scontrate Avis Corinaldo e Polisportiva Ostra ASD.<br \/>\nCome gi\u00e0 raccontato nei precedenti articoli , la partita , come classifica  aveva onestamente poco valore . Con un penultimo posto l\u2019Avis Corinaldo purtroppo aveva gi\u00e0 in mano il biglietto per la retrocessione assieme all\u2019Esino Volledue . All\u2019ultima partita le ragazze le abbiamo ritrovate ccon tanti infortuni , molte le atlete \u201cacciaccate\u201d , ma comunque con tanta grinta e rabbia da sfogare sul campo.<br \/>\n<strong class=\"cms-bold\">IL match , seppur come gia detto , poco importante ai fini della classifica  \u00e8 stato bello e tirato , con tante belle palle giocate da entrambe le squadre : e dopo quasi 2 ore di gioco intenso la nostra rappresentanza riuscita a far capitolare l\u2019avversario vincendo alla fine per tre set a uno con questi parziali \u2026.26-24 , 23-25 , 25-20 . 25-22\u2026numeri che danno l\u2019idea del bel match a cui abbiamo assistito .<br \/>\nFacciamo comunque i complimenti a tutte per la grinta e la bella partita giocata\u2026 e ci permettiamo di nominare tutte coloro che hanno partecipato e che hanno dato tutto per  portare a casa il match !!\u2026in ordine sparso ricordiamo \u2026<u class=\"cms-underline\">Benedetta Gregorini <\/u>, che nonostante forti dolori alla spalla e alla schiena ha giocato fino all&#8217;ultimo secondo , <u class=\"cms-underline\">Monica Tarsi<\/u> , che ha giocato con un gomito gonfio ,<u class=\"cms-underline\"> Gaia Catalani , Giulia Tarsi<\/u> , che ha preso tutto quello che si poteva prendere , <u class=\"cms-underline\">Roberta Regni <\/u>bravissima in ogni parte del campo , <u class=\"cms-underline\">Giorgia Antonelli<\/u> , <u class=\"cms-underline\">Azzura Spadoni<\/u> , in panchina purtroppo da alcune partite causa infortunio al ginocchio , <u class=\"cms-underline\">Roberta Mantoni , Ilaria Rossini , Maria Adele Mazzarini<\/u>\u2026grazie raggazze e brave tutte.. E sperando di non essercene dimenticata nessuna, crediamo sia importante  ringraziare naturalmente anche mister Carlo Saja e il Vice Allenatore Brilli , e non per ultimo la Societ\u00e0 al completo e i dirigenti\/consiglieri che hanno seguito la squadra durante tutto l&#8217;anno .<\/strong><br \/>\n<a href=\"\/wp-content\/uploads\/2017\/01\/IMG-20161123-WA0004.jpg\"><img decoding=\"async\" loading=\"lazy\" src=\"\/wp-content\/uploads\/2017\/01\/IMG-20161123-WA0004-300x225.jpg\" alt=\"IMG-20161123-WA0004\" width=\"300\" height=\"225\" class=\"alignnone size-medium wp-image-3531\" srcset=\"http:\/\/www.pallavolocorinaldo.it\/wp-content\/uploads\/2017\/01\/IMG-20161123-WA0004-300x225.jpg 300w, http:\/\/www.pallavolocorinaldo.it\/wp-content\/uploads\/2017\/01\/IMG-20161123-WA0004-1024x769.jpg 1024w, http:\/\/www.pallavolocorinaldo.it\/wp-content\/uploads\/2017\/01\/IMG-20161123-WA0004.jpg 1600w\" sizes=\"(max-width: 300px) 100vw, 300px\" \/><\/a><br \/>\nE\u2019 andata come \u00e8 andata \u2026ma andr\u00e0 sicuramente meglio la prossima stagione.<br \/>\nUn saluto a tutti<br \/>\n<a href=\"\/wp-content\/uploads\/2017\/04\/IMG-20161203-WA0004.jpg\"><img decoding=\"async\" loading=\"lazy\" src=\"\/wp-content\/uploads\/2017\/04\/IMG-20161203-WA0004-300x168.jpg\" alt=\"IMG-20161203-WA0004\" width=\"300\" height=\"168\" class=\"alignnone size-medium wp-image-3676\" srcset=\"http:\/\/www.pallavolocorinaldo.it\/wp-content\/uploads\/2017\/04\/IMG-20161203-WA0004-300x168.jpg 300w, http:\/\/www.pallavolocorinaldo.it\/wp-content\/uploads\/2017\/04\/IMG-20161203-WA0004-1024x576.jpg 1024w, http:\/\/www.pallavolocorinaldo.it\/wp-content\/uploads\/2017\/04\/IMG-20161203-WA0004.jpg 1600w\" sizes=\"(max-width: 300px) 100vw, 300px\" \/><\/a><\/p>\n","protected":false},"excerpt":{"rendered":"<p>Buona sera a tutti i nostri lettori , ed eccoci nuovamente per commentare un altro lungo week-end di belle partite . Oggi abbiamo solamente notizie positive : entrambe le nostre rappresentanti coinvolte nei rispettivi gironi ( 2\u2032 Divisione e 3\u2032 Divisione \u201cVecchie Glorie\u201d) ..hanno vinto\u2026ma come sempre..andiamo per ordine . Settimana \u201clunga\u201d e faticosa per [&hellip;]<\/p>\n","protected":false},"author":4,"featured_media":0,"comment_status":"open","ping_status":"open","sticky":false,"template":"","format":"standard","meta":{"ngg_post_thumbnail":0},"categories":[1],"tags":[],"_links":{"self":[{"href":"http:\/\/www.pallavolocorinaldo.it\/index.php?rest_route=\/wp\/v2\/posts\/3674"}],"collection":[{"href":"http:\/\/www.pallavolocorinaldo.it\/index.php?rest_route=\/wp\/v2\/posts"}],"about":[{"href":"http:\/\/www.pallavolocorinaldo.it\/index.php?rest_route=\/wp\/v2\/types\/post"}],"author":[{"embeddable":true,"href":"http:\/\/www.pallavolocorinaldo.it\/index.php?rest_route=\/wp\/v2\/users\/4"}],"replies":[{"embeddable":true,"href":"http:\/\/www.pallavolocorinaldo.it\/index.php?rest_route=%2Fwp%2Fv2%2Fcomments&post=3674"}],"version-history":[{"count":6,"href":"http:\/\/www.pallavolocorinaldo.it\/index.php?rest_route=\/wp\/v2\/posts\/3674\/revisions"}],"predecessor-version":[{"id":3683,"href":"http:\/\/www.pallavolocorinaldo.it\/index.php?rest_route=\/wp\/v2\/posts\/3674\/revisions\/3683"}],"wp:attachment":[{"href":"http:\/\/www.pallavolocorinaldo.it\/index.php?rest_route=%2Fwp%2Fv2%2Fmedia&parent=3674"}],"wp:term":[{"taxonomy":"category","embeddable":true,"href":"http:\/\/www.pallavolocorinaldo.it\/index.php?rest_route=%2Fwp%2Fv2%2Fcategories&post=3674"},{"taxonomy":"post_tag","embeddable":true,"href":"http:\/\/www.pallavolocorinaldo.it\/index.php?rest_route=%2Fwp%2Fv2%2Ftags&post=3674"}],"curies":[{"name":"wp","href":"https:\/\/api.w.org\/{rel}","templated":true}]}}