{"id":3757,"date":"2017-10-30T22:33:26","date_gmt":"2017-10-30T20:33:26","guid":{"rendered":"http:\/\/www.pallavolocorinaldo.it\/?p=3757"},"modified":"2017-10-30T22:38:45","modified_gmt":"2017-10-30T20:38:45","slug":"ottima-giornata-per-u14-avis-corinaldo","status":"publish","type":"post","link":"http:\/\/www.pallavolocorinaldo.it\/?p=3757","title":{"rendered":"Ottima giornata per U14 Avis Corinaldo"},"content":{"rendered":"<p>Un saluto a tutti i nostri cari lettori . Rieccoci su queste pagine virtuali per commentare nuovamente la positiva giornata , quella di ieri domenica 29 novembre ,  della nostra Under 14\u2026\u2026<br \/>\nMa andiamo come sempre per ordine .<br \/>\n<strong class=\"cms-bold\">Ieri la nostra rappresentante U14 Avis Corinaldo , era in trasferta in terra Pesarese e per l\u2019esatezza in quel di Monteporzio , dove si \u00e8 svolta la 2\u2032Giornata del Girone 1D che ha visto confrontarsi nel consueto triangolare , per l\u2019appunto l\u2019Avis Corinaldo , la UAU Alex Zanardi di Monteporzio e il Montali Rina srl di Pergola .<\/strong><br \/>\nLe nostre ragazze sono scese in campo per la prima partita contro il Pergola con la solita grinta ma  un po pi\u00f9 assonnate del solito , a causa della serata precedente  trascorsa a festeggiare Halloween a Corinaldo ; ma dopo le prime palle giocate hanno ingranato la 5\u00b0 e anche la 6\u00b0 e hanno chiuso il primo set 25 \u2013 15\u2026.bene\u2026!!<br \/>\nSecondo set pi\u00f9 vivace e combattuto , dove la squadra del  Pergola ha preso le misure , e per qualche giocata \u00e8 riuscita a metterci in difficolt\u00e0 ; le nostre giovani promesse comunque nella parte finale del match hanno tirato fuori le unghie e si sono aggiudicate l\u2019incontro 25-22\u2026.brave<br \/>\nNella successiva partita abbiamo visto prevalere l\u2019Avis Corinaldo  contro l\u2019Alex Zanardi  prima per 25-22 e poi successivamente per un netto 25-8\u2026!!<br \/>\nComplimenti a tutte le ragazze , e ovviamente anche al Mister Gianni  \u2026.ottima giornata e come gi\u00e0 detto se queste sono le premesse , possiamo ben sperare per il proseguo del Campionato .<br \/>\n<a href=\"\/wp-content\/uploads\/2017\/02\/IMG-20170226-WA0037.jpg\"><img decoding=\"async\" loading=\"lazy\" src=\"\/wp-content\/uploads\/2017\/02\/IMG-20170226-WA0037-300x168.jpg\" alt=\"IMG-20170226-WA0037\" width=\"300\" height=\"168\" class=\"alignnone size-medium wp-image-3616\" srcset=\"http:\/\/www.pallavolocorinaldo.it\/wp-content\/uploads\/2017\/02\/IMG-20170226-WA0037-300x168.jpg 300w, http:\/\/www.pallavolocorinaldo.it\/wp-content\/uploads\/2017\/02\/IMG-20170226-WA0037-1024x576.jpg 1024w, http:\/\/www.pallavolocorinaldo.it\/wp-content\/uploads\/2017\/02\/IMG-20170226-WA0037.jpg 1600w\" sizes=\"(max-width: 300px) 100vw, 300px\" \/><\/a><br \/>\nRingraziamo tutti i genitori che hanno accompagnato le ragazze e vi comunichiamo che ,&nbsp; il prossimo incontro&nbsp; , salvo cambiamenti dell\u2019ultimo momento sar\u00e0 domenica 5 novembre , in casa , alle ore 17,00 .<\/p>\n","protected":false},"excerpt":{"rendered":"<p>Un saluto a tutti i nostri cari lettori . Rieccoci su queste pagine virtuali per commentare nuovamente la positiva giornata , quella di ieri domenica 29 novembre , della nostra Under 14\u2026\u2026 Ma andiamo come sempre per ordine . Ieri la nostra rappresentante U14 Avis Corinaldo , era in trasferta in terra Pesarese e per [&hellip;]<\/p>\n","protected":false},"author":4,"featured_media":0,"comment_status":"open","ping_status":"open","sticky":false,"template":"","format":"standard","meta":{"ngg_post_thumbnail":0},"categories":[1],"tags":[],"_links":{"self":[{"href":"http:\/\/www.pallavolocorinaldo.it\/index.php?rest_route=\/wp\/v2\/posts\/3757"}],"collection":[{"href":"http:\/\/www.pallavolocorinaldo.it\/index.php?rest_route=\/wp\/v2\/posts"}],"about":[{"href":"http:\/\/www.pallavolocorinaldo.it\/index.php?rest_route=\/wp\/v2\/types\/post"}],"author":[{"embeddable":true,"href":"http:\/\/www.pallavolocorinaldo.it\/index.php?rest_route=\/wp\/v2\/users\/4"}],"replies":[{"embeddable":true,"href":"http:\/\/www.pallavolocorinaldo.it\/index.php?rest_route=%2Fwp%2Fv2%2Fcomments&post=3757"}],"version-history":[{"count":2,"href":"http:\/\/www.pallavolocorinaldo.it\/index.php?rest_route=\/wp\/v2\/posts\/3757\/revisions"}],"predecessor-version":[{"id":3761,"href":"http:\/\/www.pallavolocorinaldo.it\/index.php?rest_route=\/wp\/v2\/posts\/3757\/revisions\/3761"}],"wp:attachment":[{"href":"http:\/\/www.pallavolocorinaldo.it\/index.php?rest_route=%2Fwp%2Fv2%2Fmedia&parent=3757"}],"wp:term":[{"taxonomy":"category","embeddable":true,"href":"http:\/\/www.pallavolocorinaldo.it\/index.php?rest_route=%2Fwp%2Fv2%2Fcategories&post=3757"},{"taxonomy":"post_tag","embeddable":true,"href":"http:\/\/www.pallavolocorinaldo.it\/index.php?rest_route=%2Fwp%2Fv2%2Ftags&post=3757"}],"curies":[{"name":"wp","href":"https:\/\/api.w.org\/{rel}","templated":true}]}}