{"id":872,"date":"2010-12-09T11:19:40","date_gmt":"2010-12-09T09:19:40","guid":{"rendered":"http:\/\/www.pallavolocorinaldo.it\/?p=872"},"modified":"2010-12-09T11:19:40","modified_gmt":"2010-12-09T09:19:40","slug":"24-ore-di-pallavolo-arriva-lesercito-targato-avis-pallavolo","status":"publish","type":"post","link":"http:\/\/www.pallavolocorinaldo.it\/?p=872","title":{"rendered":"&#8217;24 ore di pallavolo&#8217;: arriva l&#8217;esercito targato Avis Pallavolo"},"content":{"rendered":"<p>Sole e luna. Giorno e notte. Un&#8217;intera giornata per festeggiare il traguardo pi\u00f9 bello. Un fine settimana che rimarr\u00e0 negli annali della societ\u00e0 e nei cuori di ognuno. E mentre continuano a darsi battaglia in campo le formazioni di Under 16, A e B, la macchina organizzativa,\u00a0fulcro del weekend che sta per arrivare \u00e8 pronta; pronta per offrire divertimento e un bel biglietto di prima classe per uno splendido viaggio nei ricordi. Tutto per festeggiare una tappa\u00a0pi\u00f9 unica che rara, con una cornice di atlete e atleti che hanno fatto la storia di questa societ\u00e0.<\/p>\n","protected":false},"excerpt":{"rendered":"<p>Sole e luna. Giorno e notte. Un&#8217;intera giornata per festeggiare il traguardo pi\u00f9 bello. Un fine settimana che rimarr\u00e0 negli annali della societ\u00e0 e nei cuori di ognuno. E mentre continuano a darsi battaglia in campo le formazioni di Under 16, A e B, la macchina organizzativa,\u00a0fulcro del weekend che sta per arrivare \u00e8 pronta; [&hellip;]<\/p>\n","protected":false},"author":3,"featured_media":0,"comment_status":"open","ping_status":"open","sticky":false,"template":"","format":"standard","meta":{"ngg_post_thumbnail":0},"categories":[1],"tags":[],"_links":{"self":[{"href":"http:\/\/www.pallavolocorinaldo.it\/index.php?rest_route=\/wp\/v2\/posts\/872"}],"collection":[{"href":"http:\/\/www.pallavolocorinaldo.it\/index.php?rest_route=\/wp\/v2\/posts"}],"about":[{"href":"http:\/\/www.pallavolocorinaldo.it\/index.php?rest_route=\/wp\/v2\/types\/post"}],"author":[{"embeddable":true,"href":"http:\/\/www.pallavolocorinaldo.it\/index.php?rest_route=\/wp\/v2\/users\/3"}],"replies":[{"embeddable":true,"href":"http:\/\/www.pallavolocorinaldo.it\/index.php?rest_route=%2Fwp%2Fv2%2Fcomments&post=872"}],"version-history":[{"count":2,"href":"http:\/\/www.pallavolocorinaldo.it\/index.php?rest_route=\/wp\/v2\/posts\/872\/revisions"}],"predecessor-version":[{"id":874,"href":"http:\/\/www.pallavolocorinaldo.it\/index.php?rest_route=\/wp\/v2\/posts\/872\/revisions\/874"}],"wp:attachment":[{"href":"http:\/\/www.pallavolocorinaldo.it\/index.php?rest_route=%2Fwp%2Fv2%2Fmedia&parent=872"}],"wp:term":[{"taxonomy":"category","embeddable":true,"href":"http:\/\/www.pallavolocorinaldo.it\/index.php?rest_route=%2Fwp%2Fv2%2Fcategories&post=872"},{"taxonomy":"post_tag","embeddable":true,"href":"http:\/\/www.pallavolocorinaldo.it\/index.php?rest_route=%2Fwp%2Fv2%2Ftags&post=872"}],"curies":[{"name":"wp","href":"https:\/\/api.w.org\/{rel}","templated":true}]}}