{"id":885,"date":"2010-12-11T12:59:49","date_gmt":"2010-12-11T10:59:49","guid":{"rendered":"http:\/\/www.pallavolocorinaldo.it\/?p=885"},"modified":"2010-12-11T12:59:49","modified_gmt":"2010-12-11T10:59:49","slug":"24-ore-di-pallavolo-targate-avis-pallavolo-corinaldo","status":"publish","type":"post","link":"http:\/\/www.pallavolocorinaldo.it\/?p=885","title":{"rendered":"24 ORE DI PALLAVOLO TARGATE AVIS PALLAVOLO CORINALDO"},"content":{"rendered":"<p>Sole e luna. Giorno e notte. Un\u2019intera giornata per festeggiare il traguardo pi\u00f9 bello: 25 anni dalla nascita dell&#8217;Avis Pallavolo Corinaldo. Un fine settimana (sabato 11 e domenica 12 dicembre) che rimarr\u00e0 negli annali della societ\u00e0 e nei cuori di ognuno. Il weekend che sta per arrivare \u00e8 pronto a offrire divertimento e un bel biglietto di prima classe per uno splendido viaggio nei ricordi. Tutto per festeggiare una tappa pi\u00f9 unica che rara, con una cornice di atlete e atleti che hanno fatto la storia di questa societ\u00e0. Tutto inizia nel 1985. Nel gennaio di quell&#8217;anno, nella palestra della scuola media vennero fatti i Giochi della Giovent\u00f9 ai quali partecip\u00f2 una squadra femminile, ragazze del &#8217;70-&#8217;71. Il professore Dario Bruciati chiam\u00f2 alla guida del gruppo un allora ventquattrenne Gianni Tarsi, in quel momento allenatore di calcio che, senza pensarci due volte raccolse l&#8217;invito: \u201cVolevo cambiare aria e quello era il momento\u201d. Nell&#8217;ottobre del 1985, visto l&#8217;entusiasmo di quelle ragazze nel voler proseguire nell&#8217;avventura, nacque la societ\u00e0 Pallavolo Corinaldo e Gianni Tarsi non la lasci\u00f2 pi\u00f9. E dall&#8217;incontro con Vinicio Franceschetti, presidente dell&#8217;Avis, &#8216;pallavolo&#8217; e &#8216;donatori&#8217; divennero un binomio indissolubile. Da quell&#8217;anno, con un grande lavoro sia a livello femminile che a livello maschile l&#8217;Avis Pallavolo non si \u00e8 pi\u00f9 fermata, mietendo successi a destra e a manca. Per citarne alcuni: nella stagione 1988\/89, quando il settore femminile era pi\u00f9 florido, la squadra allenata da Tarsi fu promossa in serie D rimanendoci quattro anni; nel 1991\/92 per la prima volta a Corinaldo venne creata una squadra seniores maschile; nel campionato 1997\/ 98 la prima divisione femminile ottenne la promozione in serie D con sei giornate d&#8217;anticipo e ventuno vittorie consecutive, restandoci otto anni di fila; nello stesso anno le ragazze dell&#8217;under 16 sfiorarono il capolavoro: si piazzarono terze nel campionato provinciale, anche se poi perdettero la semifinale regionale. E poi tornei di mini-volley in giro per l&#8217;Italia con il piazzamento di due squadre, una femminile e una maschile, al primo posto al torneo nazionale di Sant&#8217; Omero. Quella stagione consacr\u00f2 il settore giovanile, tutt&#8217;ora punto di forza della societ\u00e0, con vittorie nei tornei pi\u00f9 prestigiosi a livello nazionale (Lignano Sabbiadoro, Citt\u00e0 di Castello, Ancona) e primi posti a livelli di under, sia provinciale che regionale. Sono stati anni di crescita per tutti, per il movimento circa mille iscritti in totale), per un giovane allenatore, Gianni Tarsi tutt&#8217;ora protagonista, per i giovani che si affacciavano per la prima volta a questo sport, per la societ\u00e0. Tutto ci\u00f2 ha permesso alla Pallavolo Corinaldo di diventare ci\u00f2 che \u00e8. Ma qual \u00e8 il segreto per durare cos\u00ec tanto? \u201c Non riesco a spiegare a parole perch\u00e9 ho dedicato met\u00e0 della mia vita alla Pallavolo Corinaldo, e se ci riuscissi in pochi capirebbero\u201d &#8211; risponde a cuore aperto, nascondendosi dietro un velo d&#8217;emozione l&#8217;allenatore Gianni Tarsi, fulcro di 25 anni di societ\u00e0- \u201c la passione e la ricerca di stimoli e obiettivi sempre nuovi sono stati la motivazione trainante. Non ho mai dato niente per scontato e, nonostante litigate e incomprensioni, l&#8217;entusiasmo e la fiducia mi e ci ha portato fino a qui. In 25 anni le regole sono state sempre le stesse e la giusta metafora per descrivere il mio rapporto con la societ\u00e0 \u00e8 quella di una coppia sposata alla quale si chiede come si fa a rimanere insieme per cos\u00ec tanto tempo: non dando niente per scontato e cercando sempre qualcosa di nuovo per migliorare e continuare a camminare insieme verso un unico obiettivo\u201d. Una roccaforte, l&#8217; Avis Corinaldo, costruita mattone dopo mattone, dove le fondamenta sono rappresentate dai dieci fondatori, i quattro presidenti e tutti i consiglieri e dirigenti che si sono succeduti, mentre i mattoni sono stati (e lo sono tutt&#8217;oggi) le atlete e gli atleti che si sono susseguiti per tutti questi anni. Il ricordo pi\u00f9 bello? \u201c La chiamata di una societ\u00e0 di serie A\u201d- continua Tarsi- \u201c quello per me \u00e8 stato l&#8217;apice, perch\u00e9 voleva dire che lavoravo bene. Poi le vittorie, soprattutto quelle arrivate con societ\u00e0 molto pi\u00f9 grandi e blasonate di noi. Comunque la soddisfazione pi\u00f9 grossa resta quella di aver allenato prima le mamme poi le figlie\u201d. La &#8216; 24 ore di pallavolo 2010&#8217; di sabato e domenica, che riunir\u00e0 passato, presente e futuro della societ\u00e0, organizzata per festeggiare le &#8216;nozze d&#8217;argento&#8217; della pallavolo rappresenta un album di ricordi da sfogliare e rivivere, riassaporando quello che fu e immaginando quello che sar\u00e0.<\/p>\n","protected":false},"excerpt":{"rendered":"<p>Sole e luna. Giorno e notte. Un\u2019intera giornata per festeggiare il traguardo pi\u00f9 bello: 25 anni dalla nascita dell&#8217;Avis Pallavolo Corinaldo. Un fine settimana (sabato 11 e domenica 12 dicembre) che rimarr\u00e0 negli annali della societ\u00e0 e nei cuori di ognuno. Il weekend che sta per arrivare \u00e8 pronto a offrire divertimento e un bel [&hellip;]<\/p>\n","protected":false},"author":3,"featured_media":0,"comment_status":"open","ping_status":"open","sticky":false,"template":"","format":"standard","meta":{"ngg_post_thumbnail":0},"categories":[1],"tags":[],"_links":{"self":[{"href":"http:\/\/www.pallavolocorinaldo.it\/index.php?rest_route=\/wp\/v2\/posts\/885"}],"collection":[{"href":"http:\/\/www.pallavolocorinaldo.it\/index.php?rest_route=\/wp\/v2\/posts"}],"about":[{"href":"http:\/\/www.pallavolocorinaldo.it\/index.php?rest_route=\/wp\/v2\/types\/post"}],"author":[{"embeddable":true,"href":"http:\/\/www.pallavolocorinaldo.it\/index.php?rest_route=\/wp\/v2\/users\/3"}],"replies":[{"embeddable":true,"href":"http:\/\/www.pallavolocorinaldo.it\/index.php?rest_route=%2Fwp%2Fv2%2Fcomments&post=885"}],"version-history":[{"count":2,"href":"http:\/\/www.pallavolocorinaldo.it\/index.php?rest_route=\/wp\/v2\/posts\/885\/revisions"}],"predecessor-version":[{"id":887,"href":"http:\/\/www.pallavolocorinaldo.it\/index.php?rest_route=\/wp\/v2\/posts\/885\/revisions\/887"}],"wp:attachment":[{"href":"http:\/\/www.pallavolocorinaldo.it\/index.php?rest_route=%2Fwp%2Fv2%2Fmedia&parent=885"}],"wp:term":[{"taxonomy":"category","embeddable":true,"href":"http:\/\/www.pallavolocorinaldo.it\/index.php?rest_route=%2Fwp%2Fv2%2Fcategories&post=885"},{"taxonomy":"post_tag","embeddable":true,"href":"http:\/\/www.pallavolocorinaldo.it\/index.php?rest_route=%2Fwp%2Fv2%2Ftags&post=885"}],"curies":[{"name":"wp","href":"https:\/\/api.w.org\/{rel}","templated":true}]}}